[{"@context":"https:\/\/schema.org\/","@type":"Article","@id":"https:\/\/www.laglas.cz\/proc-mit-k-notebooku-dva-adaptery\/#Article","mainEntityOfPage":"https:\/\/www.laglas.cz\/proc-mit-k-notebooku-dva-adaptery\/","headline":"Pro\u010d m\u00edt k notebooku dva adapt\u00e9ry","name":"Pro\u010d m\u00edt k notebooku dva adapt\u00e9ry","description":"Nap\u00e1jec\u00ed adapt\u00e9r p\u0159edstavuje ned\u00edlnou sou\u010d\u00e1st notebooku. Pro\u010d se vyplat\u00ed si po\u0159\u00eddit alespo\u0148 dva? Nemus\u00edte nosit dal\u0161\u00ed z\u00e1t\u011b\u017e nav\u00edc Zejm\u00e9na ti,&hellip;","datePublished":"2020-07-11","dateModified":"2023-08-18","author":{"@type":"Person","@id":"https:\/\/www.laglas.cz\/author\/#Person","name":"","url":"https:\/\/www.laglas.cz\/author\/","identifier":1,"image":{"@type":"ImageObject","@id":"https:\/\/secure.gravatar.com\/avatar\/baa231f7e1963b29d6549eb0e137b049d877d4e97c51386f463c7d4fc98329bd?s=96&d=mm&r=g","url":"https:\/\/secure.gravatar.com\/avatar\/baa231f7e1963b29d6549eb0e137b049d877d4e97c51386f463c7d4fc98329bd?s=96&d=mm&r=g","height":96,"width":96}},"publisher":{"@type":"Organization","name":"laglas.cz","logo":{"@type":"ImageObject","@id":"\/logo.png","url":"\/logo.png","width":600,"height":60}},"image":{"@type":"ImageObject","@id":"https:\/\/www.laglas.cz\/wp-content\/uploads\/img_a382159_w3392_t1594702507.jpg","url":"https:\/\/www.laglas.cz\/wp-content\/uploads\/img_a382159_w3392_t1594702507.jpg","height":0,"width":0},"url":"https:\/\/www.laglas.cz\/proc-mit-k-notebooku-dva-adaptery\/","about":["Zbo\u017e\u00ed"],"wordCount":629,"articleBody":"      Nap\u00e1jec\u00ed adapt\u00e9r p\u0159edstavuje ned\u00edlnou sou\u010d\u00e1st notebooku. Pro\u010d se vyplat\u00ed si po\u0159\u00eddit alespo\u0148 dva?  Nemus\u00edte nosit dal\u0161\u00ed z\u00e1t\u011b\u017e nav\u00edc Zejm\u00e9na ti, kte\u0159\u00ed s notebookem \u010dasto cestuj\u00ed, v\u011bd\u00ed, \u017ee t\u00e9m\u011b\u0159 ka\u017ed\u00fd gram se po\u010d\u00edt\u00e1. Na hmotnosti notebooku se proto sna\u017e\u00edme u\u0161et\u0159it co nejv\u00edce, \u017ee s sebou v\u0161ak nos\u00edme i adapt\u00e9r na notebook, kter\u00fd tak\u00e9 n\u011bco v\u00e1\u017e\u00ed, to u\u017e si \u010dasto neuv\u011bdom\u00edme. Pohybujete se nap\u0159\u00edklad mezi domovem a prac\u00ed? Nen\u00ed nic jednodu\u0161\u0161\u00edho ne\u017e si k p\u016fvodn\u00edmu adapt\u00e9ru zakoupit je\u0161t\u011b jeden. Nutnost cokoli p\u0159ev\u00e1\u017eet obratem skon\u010d\u00ed, cestovat m\u016f\u017eete jen se samotn\u00fdm notebookem. V ruce nebo na z\u00e1dech to poc\u00edt\u00edte. Obecn\u011b se jako za\u0159\u00edzen\u00ed vhodn\u00e1 na cestov\u00e1n\u00ed ozna\u010duj\u00ed notebooky, kter\u00e9 maj\u00ed m\u00e9n\u011b ne\u017e 1,75 kg. \u010c\u00edm ni\u017e\u0161\u00ed hmotnost je, t\u00edm pochopiteln\u011b l\u00e9pe.  Mus\u00edme si v\u0161ak uv\u011bdomit, \u017ee u men\u0161\u00edch model\u016f je v\u0161ak samoz\u0159ejm\u011b mobilita vykoupena \u010dasto hor\u0161\u00ed ergonomi\u00ed p\u0159i pr\u00e1ci. Po\u0159\u00eddit bychom si tak m\u011bli alespo\u0148 extern\u00ed kl\u00e1vesnici.  V p\u0159\u00edpad\u011b poruchy m\u00e1te po ruce n\u00e1hradu Nap\u00e1jec\u00ed adapt\u00e9ry pro notebooky pat\u0159\u00ed obecn\u011b k t\u011bm sou\u010d\u00e1stem p\u0159enosn\u00fdch po\u010d\u00edta\u010d\u016f, kter\u00e9 se pom\u011brn\u011b ochotn\u011b porouch\u00e1vaj\u00ed. Pokud nem\u00e1te v dosahu dob\u0159e z\u00e1sobenou prodejnu elektroniky nebo se v\u00e1m adapt\u00e9r rozbije b\u011bhem v\u00edkend\u016f, sv\u00e1tk\u016f \u010di v jinou zcela nevhodnou dobu, mus\u00edte po\u010d\u00edtat s t\u00edm, \u017ee a\u017e na n\u011bkolik dn\u00ed se n\u00e1hle m\u016f\u017eete ocitnout bez notebooku, ne\u017e se v\u00e1m poda\u0159\u00ed sehnat spr\u00e1vn\u00fd typ. Jestli\u017ee sh\u00e1n\u00edte nab\u00edje\u010dku ke sv\u00e9mu notebooku, zaj\u00edmat v\u00e1s budou p\u0159edev\u0161\u00edm t\u0159i z\u00e1kladn\u00ed \u00fadaje a s nimi t\u0159i jednotky a jejich hodnoty. Jsou to volty, watty a amp\u00e9ry, kter\u00e9 ozna\u010duj\u00ed nap\u011bt\u00ed, v\u00fdkon a p\u0159\u00edkon. Volty definuj\u00ed vstupn\u00ed nap\u011bt\u00ed a zna\u010d\u00ed se V. Hodnota by m\u011bla odpov\u00eddat nap\u011bt\u00ed notebooku. Proud se zna\u010d\u00ed A a je pot\u0159eba, aby byl alespo\u0148 stejn\u00fd nebo vy\u0161\u0161\u00ed, ne\u017e je na konkr\u00e9tn\u00edm za\u0159\u00edzen\u00ed uvedeno. P\u0159\u00edkon se zna\u010d\u00ed W a op\u011bt je zapot\u0159eb\u00ed, aby byl alespo\u0148 stejn\u00fd \u010di vy\u0161\u0161\u00ed. Pokud si nejste jisti, pod\u00edvejte se do technick\u00fdch specifikac\u00ed u sv\u00e9ho za\u0159\u00edzen\u00ed, p\u0159\u00edpadn\u011b si nechte poradit zku\u0161en\u00fdm obchodn\u00edkem.  Nehroz\u00ed v\u00e1m zapomenut\u00ed Kolikr\u00e1t u\u017e se v\u00e1m stalo, \u017ee jste ode\u0161li nebo odjeli z bytu bez adapt\u00e9ru k notebooku a museli se narychlo vr\u00e1tit nebo v c\u00edli cesty teprve sh\u00e1n\u011bt n\u00e1hradn\u00ed adapt\u00e9r, pakli\u017ee jste necht\u011bli tr\u00e1vit \u010das s vybit\u00fdm notebookem? A\u010dkoli sou\u010dasn\u00e9 modely jsou schopny zvl\u00e1dnout \u00fasp\u011b\u0161n\u011b ji\u017e alespo\u0148 osmihodinovou pracovn\u00ed dobu v provozu na baterii, ka\u017ed\u00e1 baterie v \u010dase degraduje a jej\u00ed v\u00fddr\u017e ub\u00fdv\u00e1. V z\u00e1vislosti na provozn\u00edch podm\u00ednk\u00e1ch to m\u016f\u017ee b\u00fdt u\u017e po roce pou\u017e\u00edv\u00e1n\u00ed v \u0159\u00e1dech des\u00edtek minut. M\u00edt po ruce nab\u00edje\u010dku je tak prakticky nezbytn\u00e9. Pokud si po\u0159\u00edd\u00edte druhou nab\u00edje\u010dku, jednu m\u016f\u017eete rovnou nechat doma. Dal\u0161\u00ed adapt\u00e9r k notebooku ocen\u00edte op\u011bt nap\u0159\u00edklad v pr\u00e1ci, ale i u rodi\u010d\u016f, partnera nebo t\u0159eba na koleji, zkr\u00e1tka na v\u0161ech m\u00edstech, kam se \u010dasto p\u0159esouv\u00e1te. Vyhnete se tak neust\u00e1l\u00e9mu p\u0159ev\u00e1\u017een\u00ed mnoha v\u011bc\u00ed, u n\u011bho\u017e zkr\u00e1tka v\u017edy riskujete, \u017ee n\u011bco m\u016f\u017eete zapomenout.                                                                                                                                                                                                                                                                                                                                                                                          4.6\/5 - (10 votes)        "},{"@context":"https:\/\/schema.org\/","@type":"BreadcrumbList","itemListElement":[{"@type":"ListItem","position":1,"name":"Pro\u010d m\u00edt k notebooku dva adapt\u00e9ry","item":"https:\/\/www.laglas.cz\/proc-mit-k-notebooku-dva-adaptery\/#breadcrumbitem"}]}]