[{"@context":"https:\/\/schema.org\/","@type":"Article","@id":"https:\/\/www.laglas.cz\/pro-miminka-jen-to-nejlepsi\/#Article","mainEntityOfPage":"https:\/\/www.laglas.cz\/pro-miminka-jen-to-nejlepsi\/","headline":"Pro miminka jen to nejlep\u0161\u00ed","name":"Pro miminka jen to nejlep\u0161\u00ed","description":"Nezd\u00e1 se to, ale d\u011bti pot\u0159ebuj\u00ed daleko v\u00edce kousk\u016f oble\u010den\u00ed ne\u017e my dosp\u011bl\u00ed. Jde p\u0159edev\u0161\u00edm o to, \u017ee je chceme&hellip;","datePublished":"2022-09-10","dateModified":"2022-09-10","author":{"@type":"Person","@id":"https:\/\/www.laglas.cz\/author\/#Person","name":"","url":"https:\/\/www.laglas.cz\/author\/","identifier":1,"image":{"@type":"ImageObject","@id":"https:\/\/secure.gravatar.com\/avatar\/baa231f7e1963b29d6549eb0e137b049d877d4e97c51386f463c7d4fc98329bd?s=96&d=mm&r=g","url":"https:\/\/secure.gravatar.com\/avatar\/baa231f7e1963b29d6549eb0e137b049d877d4e97c51386f463c7d4fc98329bd?s=96&d=mm&r=g","height":96,"width":96}},"publisher":{"@type":"Organization","name":"laglas.cz","logo":{"@type":"ImageObject","@id":"\/logo.png","url":"\/logo.png","width":600,"height":60}},"image":{"@type":"ImageObject","@id":"https:\/\/www.laglas.cz\/wp-content\/uploads\/zimni%20obleceni_1.jpg","url":"https:\/\/www.laglas.cz\/wp-content\/uploads\/zimni%20obleceni_1.jpg","height":0,"width":0},"url":"https:\/\/www.laglas.cz\/pro-miminka-jen-to-nejlepsi\/","about":["Podnik\u00e1n\u00ed"],"wordCount":416,"articleBody":"   Nezd\u00e1 se to, ale d\u011bti pot\u0159ebuj\u00ed daleko v\u00edce kousk\u016f oble\u010den\u00ed ne\u017e my dosp\u011bl\u00ed. Jde p\u0159edev\u0161\u00edm o to, \u017ee je chceme zabalit do v\u00edcero vrstev, aby se venku jen tak neprochladly. \u010casto n\u011bkte\u0159\u00ed z nich tr\u00e1v\u00ed proch\u00e1zky je\u0161t\u011b v ko\u010d\u00e1rku, kde se moc neh\u00fdbou, proto je t\u0159eba, aby na sob\u011b toho m\u011bli co nejv\u00edce nebo aby byly zabalen\u00ed v po\u0159\u00e1dn\u00e9m fusaku. Pokud se jedn\u00e1 u\u017e o d\u011bti chod\u00edc\u00ed, ty zase v\u00edce inklinuj\u00ed k tomu, \u017ee se \u010dast\u011bji u\u0161pin\u00ed, nemaj\u00ed tolik stability a n\u011bkdy to nevychytaj\u00ed a prost\u011b spadnou. A \u0161pinav\u00e1 a mokr\u00e1 kolena jsou na sv\u011bt\u011b a vy je jdete p\u0159evl\u00e9kat do such\u00fdch a \u010dist\u00fdch kalhot.Proto pot\u0159ebuj\u00ed na\u0161i potomci daleko v\u011bt\u0161\u00ed \u0161atn\u00edk ne\u017e my. Tak\u00e9 chv\u00edli trv\u00e1, ne\u017e se v\u011bci vyperou a ne\u017e uschnou. Samoz\u0159ejm\u011b si m\u016f\u017eeme pomoci nejr\u016fzn\u011bj\u0161\u00edmi novodob\u00fdmi vychyt\u00e1vkami jako jsou su\u0161i\u010dky a tak d\u00e1le, ale co kdy\u017e d\u00edt\u011b chce j\u00edt ven hned a vy mu to nem\u016f\u017eete odep\u0159\u00edt, proto\u017ee zrovna dneska je hezk\u00e9 po\u010das\u00ed a v\u00edte, \u017ee se to z\u00edtra m\u016f\u017ee t\u0159eba zm\u011bnit a vy nevyt\u00e1hnete paty z domova. Vybavte se dop\u0159edu a bu\u010fte p\u0159ipraveni, a\u017e zima ude\u0159\u00ed, mil\u00e9 maminky. Nebojte se, \u017ee byste oble\u010den\u00ed nem\u011bla pak kam udat, existuj\u00ed r\u016fzn\u00e9 charity, nebo v\u00e1s t\u0159eba \u010dekaj\u00ed dal\u0161\u00ed potomci, nebo va\u0161i sourozenci budou m\u00edt d\u011bti. Vyberte si te\u010f na podzim kojeneck\u00e9 mikiny Kojeneckeobleceni.cz, a budete m\u00edt miminko oble\u010den\u00e9 nejenom te\u010f, ale hod\u00ed se v\u00e1m to potom i pod zimn\u00ed kombin\u00e9zu a v\u016fbec. Jakmile za\u010dne d\u011b\u0165\u00e1tko v\u00edce papat a nepije ji\u017e jen kojeneck\u00e9 ml\u00e9ko, v\u0161echno oble\u010den\u00ed za\u010dne z\u00e1hadn\u011b mizet v pra\u010dce, proto je na tuto situaci t\u0159eba, aby byl \u010dlov\u011bk p\u0159ipraven\u00fd. Pokud m\u00e1te je\u0161t\u011b mal\u00e9 miminko, vyu\u017eijte internetov\u00fd obchod Bruml\u00edk.cz, kde po\u0159\u00edd\u00edte i prvn\u00ed eduka\u010dn\u00ed hra\u010dky, muchl\u00e1\u010dky na span\u00ed anebo hrac\u00ed hra\u010dky. V\u0161echno na jednom m\u00edst\u011b v\u010detn\u011b l\u00e1tkov\u00fdch pl\u00ednek nebo spac\u00ed soupravy do post\u00fdlky. Nebo kupujte d\u00e1rkov\u00e9 bal\u00ed\u010dky pro budouc\u00ed maminky a jejich d\u011bti\u010dky.                                                                                                                                                                                                                                                                                                                                                                                           4.7\/5 - (3 votes)        "},{"@context":"https:\/\/schema.org\/","@type":"BreadcrumbList","itemListElement":[{"@type":"ListItem","position":1,"name":"Pro miminka jen to nejlep\u0161\u00ed","item":"https:\/\/www.laglas.cz\/pro-miminka-jen-to-nejlepsi\/#breadcrumbitem"}]}]