[{"@context":"https:\/\/schema.org\/","@type":"Article","@id":"https:\/\/www.laglas.cz\/postele-maji-svoji-dlouhou-historii\/#Article","mainEntityOfPage":"https:\/\/www.laglas.cz\/postele-maji-svoji-dlouhou-historii\/","headline":"Postele maj\u00ed svoji dlouhou historii","name":"Postele maj\u00ed svoji dlouhou historii","description":"Postel je m\u00edstem, kter\u00e9 dod\u00e1v\u00e1 na\u0161\u00ed dom\u00e1cnosti tu spr\u00e1vnou atmosf\u00e9ru. Koneckonc\u016f, kam bychom se rad\u011bji vr\u00e1tili po n\u00e1ro\u010dn\u00e9m dni v&hellip;","datePublished":"2021-03-26","dateModified":"2023-05-03","author":{"@type":"Person","@id":"https:\/\/www.laglas.cz\/author\/#Person","name":"","url":"https:\/\/www.laglas.cz\/author\/","identifier":1,"image":{"@type":"ImageObject","@id":"https:\/\/secure.gravatar.com\/avatar\/baa231f7e1963b29d6549eb0e137b049d877d4e97c51386f463c7d4fc98329bd?s=96&d=mm&r=g","url":"https:\/\/secure.gravatar.com\/avatar\/baa231f7e1963b29d6549eb0e137b049d877d4e97c51386f463c7d4fc98329bd?s=96&d=mm&r=g","height":96,"width":96}},"publisher":{"@type":"Organization","name":"laglas.cz","logo":{"@type":"ImageObject","@id":"\/logo.png","url":"\/logo.png","width":600,"height":60}},"image":{"@type":"ImageObject","@id":"https:\/\/www.laglas.cz\/wp-content\/uploads\/jednol%C5%AF%C5%BEko_Fk4rIP.jpg","url":"https:\/\/www.laglas.cz\/wp-content\/uploads\/jednol%C5%AF%C5%BEko_Fk4rIP.jpg","height":0,"width":0},"url":"https:\/\/www.laglas.cz\/postele-maji-svoji-dlouhou-historii\/","about":["Zbo\u017e\u00ed"],"wordCount":457,"articleBody":"      Postel je m\u00edstem, kter\u00e9 dod\u00e1v\u00e1 na\u0161\u00ed dom\u00e1cnosti tu spr\u00e1vnou atmosf\u00e9ru. Koneckonc\u016f, kam bychom se rad\u011bji vr\u00e1tili po n\u00e1ro\u010dn\u00e9m dni v pr\u00e1ci nebo ve \u0161kole, ne\u017e do tepl\u00e9 postele? Taky se \u0159\u00edk\u00e1, \u017ee pokud m\u00e1 \u010dlov\u011bk teplou postel, v \u017eivot\u011b zv\u00edt\u011bzil. Postele jsou na\u0161\u00ed ned\u00edlnou sou\u010d\u00e1st\u00ed doposud stovky let a maj\u00ed v\u00fdznamnou historii. V\u00edte, kdy nap\u0159\u00edklad vznikly patrov\u00e9 postele a odkdy jsou postele na\u0161\u00ed ned\u00edlnou sou\u010d\u00e1st\u00ed?   Historie postel\u00ed sah\u00e1 a\u017e do starov\u011bku \u010clov\u011bk mus\u00ed odpo\u010d\u00edvat. V sou\u010dasn\u00e9 dob\u011b je nejobl\u00edben\u011bj\u0161\u00ed zp\u016fsobem relaxace na\u0161e postel. Prav\u011bc\u00ed lid\u00e9 nem\u011bli tolik \u0161t\u011bst\u00ed, co se ty\u010de samotn\u00fdch postel\u00ed. B\u011bhem tohoto obdob\u00ed se museli spokojit s jm\u00e9nem pohodln\u00fdmi mo\u017enostmi, jako je span\u00ed na zemi, na podlaze, pouze na such\u00e9 tr\u00e1v\u011b nebo na zv\u00ed\u0159ec\u00ed k\u016f\u017ei. B\u011bhem tohoto obdob\u00ed byla such\u00e1 tr\u00e1va a zv\u00ed\u0159ec\u00ed k\u016f\u017ee nejlep\u0161\u00edmi izol\u00e1tory. Velk\u00fd bod obratu nastal a\u017e ve starov\u011bku, kdy se za\u010daly vyr\u00e1b\u011bt prvn\u00ed m\u00edsta na span\u00ed, kter\u00e9 u\u017e byla trochu jako postele. V tomto obdob\u00ed byl takov\u00e9 vyroben prvn\u00ed n\u00e1bytek, kter\u00fd lidem usnad\u0148uje \u017eivot. Postel, kterou dnes zn\u00e1me, je s n\u00e1mi asi 500 let. Rozd\u00edl v\u0161ak byl v jejich konstrukci nebe d\u00e9lce. Nen\u00ed \u017e\u00e1dn\u00fdm tajemstv\u00edm, \u017ee lid\u00e9 byli v minulosti men\u0161\u00ed a m\u011bli \u0161t\u00edhlej\u0161\u00ed postavy. To m\u011blo za n\u00e1sledek i to, \u017ee se i postele vyr\u00e1b\u011bly v men\u0161\u00edch velikostech. Dnes se nej\u010dast\u011bji setk\u00e1v\u00e1me s postel\u00ed z masivu, lamina, kovu nebo s \u010daloun\u011bn\u00fdmi postelemi. Krom\u011b toho jsou velmi obl\u00edben\u00e9 i patrov\u00e9 postele nebo ty skl\u00e1p\u011bc\u00ed, kter\u00e9 p\u0159in\u00e1\u0161ej\u00ed zna\u010dn\u00fd u\u017eivatelsk\u00fd komfort. V sou\u010dasnosti se postel skl\u00e1d\u00e1 z n\u00e1sleduj\u00edc\u00edch \u010d\u00e1st\u00ed &#8211; za z\u00e1klad se pova\u017euje ro\u0161t, bo\u010dnice a \u010dela, kter\u00e9 jsou na obou stran\u00e1ch postele. Ned\u00edlnou sou\u010d\u00e1st\u00ed jsou i matrace, d\u00edky kter\u00fdm se v posteli c\u00edt\u00edme tak pohodln\u011b.   Patrov\u00e9 postele, kter\u00e9 n\u00e1m u\u0161et\u0159\u00ed prostor Ne ka\u017ed\u00e1 dom\u00e1cnost m\u00e1 k dispozici tolik prostoru, kolik by re\u00e1ln\u011b pot\u0159ebovala. Z toho d\u016fvodu vznikly mnoh\u00e9 za\u0159\u00edzen\u00ed, kter\u00e9 maj\u00ed \u0161et\u0159it n\u00e1\u0161 prostor. Touto variantou jsou i patrov\u00e9 postele, kter\u00e9 jsou tak pohodln\u00e9, jako i praktick\u00e9. Pokud se o nich chcete dozv\u011bd\u011bt v\u00edce, nav\u0161tivte str\u00e1nky https:\/\/www.sconto.cz\/, kde najdete mnoho zaj\u00edmav\u00fdch informac\u00ed. Dop\u0159ejte si i vy kvalitn\u00ed sp\u00e1nek a hezk\u00e9 sny!                                                                                                                                                                                                                                                                                                                                                                                          4.7\/5 - (8 votes)        "},{"@context":"https:\/\/schema.org\/","@type":"BreadcrumbList","itemListElement":[{"@type":"ListItem","position":1,"name":"Postele maj\u00ed svoji dlouhou historii","item":"https:\/\/www.laglas.cz\/postele-maji-svoji-dlouhou-historii\/#breadcrumbitem"}]}]