[{"@context":"https:\/\/schema.org\/","@type":"Article","@id":"https:\/\/www.laglas.cz\/lide-v-duchodovem-veku\/#Article","mainEntityOfPage":"https:\/\/www.laglas.cz\/lide-v-duchodovem-veku\/","headline":"Lid\u00e9 v d\u016fchodov\u00e9m v\u011bku","name":"Lid\u00e9 v d\u016fchodov\u00e9m v\u011bku","description":"V sou\u010dasn\u00e9 dob\u011b p\u0159ib\u00fdv\u00e1 lid\u00ed v d\u016fchodov\u00e9m v\u011bku a tento trend bude neust\u00e1le nar\u016fstat. Nast\u00e1v\u00e1 velk\u00fd probl\u00e9m s umis\u0165ov\u00e1n\u00edm senior\u016f&hellip;","datePublished":"2025-02-28","dateModified":"2023-05-03","author":{"@type":"Person","@id":"https:\/\/www.laglas.cz\/author\/#Person","name":"","url":"https:\/\/www.laglas.cz\/author\/","identifier":1,"image":{"@type":"ImageObject","@id":"https:\/\/secure.gravatar.com\/avatar\/baa231f7e1963b29d6549eb0e137b049d877d4e97c51386f463c7d4fc98329bd?s=96&d=mm&r=g","url":"https:\/\/secure.gravatar.com\/avatar\/baa231f7e1963b29d6549eb0e137b049d877d4e97c51386f463c7d4fc98329bd?s=96&d=mm&r=g","height":96,"width":96}},"publisher":{"@type":"Organization","name":"laglas.cz","logo":{"@type":"ImageObject","@id":"\/logo.png","url":"\/logo.png","width":600,"height":60}},"image":{"@type":"ImageObject","@id":"https:\/\/www.laglas.cz\/wp-content\/uploads\/img_a295753_w2176_t1507195045.jpg","url":"https:\/\/www.laglas.cz\/wp-content\/uploads\/img_a295753_w2176_t1507195045.jpg","height":0,"width":0},"url":"https:\/\/www.laglas.cz\/lide-v-duchodovem-veku\/","wordCount":443,"articleBody":"V sou\u010dasn\u00e9 dob\u011b p\u0159ib\u00fdv\u00e1 lid\u00ed v d\u016fchodov\u00e9m v\u011bku a tento trend bude neust\u00e1le nar\u016fstat. Nast\u00e1v\u00e1 velk\u00fd probl\u00e9m s umis\u0165ov\u00e1n\u00edm senior\u016f do domov\u016f pro seniory. Kdy\u017e se senior zap\u00ed\u0161e do po\u0159adn\u00edku, mus\u00ed po\u010d\u00edtat s t\u00edm, \u017ee m\u016f\u017ee trvat i n\u011bkolik let, ne\u017e se na n\u011bj dostane \u0159ada.Samoz\u0159ejm\u011b ne ka\u017ed\u00fd senior je ochoten do\u017e\u00edt v n\u011bjak\u00e9m domov\u011b pro seniory. Ur\u010ditou alternativou m\u016f\u017ee b\u00fdt d\u016fm s pe\u010dovatelskou slu\u017ebou. Doty\u010dn\u00fd m\u00e1 k dispozici sv\u016fj minibyte\u010dek s ve\u0161ker\u00fdm p\u0159\u00edslu\u0161enstv\u00edm. Slu\u017eby pe\u010dovatelek vyu\u017e\u00edv\u00e1 jen okrajov\u011b, jako nap\u0159\u00edklad n\u00e1kupy, dov\u00e1\u017eka ob\u011bd\u016f, \u017eehlen\u00ed. Tato slu\u017eba se obvykle hod\u00ed pro lidi, kte\u0159\u00ed se je\u0161t\u011b zvl\u00e1daj\u00ed o sebe alespo\u0148 \u010d\u00e1ste\u010dn\u011b postarat.Co kdy\u017e \u010dlov\u011bk odm\u00edt\u00e1 jakoukoli pobytovou slu\u017ebu a trv\u00e1 na tom, \u017ee do\u017eije doma? Zde se samoz\u0159ejm\u011b za\u010d\u00ednaj\u00ed h\u00e1dat v\u0161ichni p\u0159\u00edbuzn\u00ed. Kdo se bude starat a kdo ne. V\u011bt\u0161inou to dopad\u00e1 tak, \u017ee se star\u00e1 ze v\u0161ech sourozenc\u016f jen jedin\u00fd, ale pen\u00edze z d\u016fchodu pob\u00edr\u00e1 n\u011bkdo \u00fapln\u011b jin\u00fd.\u00a0\tKdy\u017e cht\u011bj\u00ed z\u016fstat domaPokud Va\u0161e star\u00e1 maminka nebo tat\u00ednek necht\u011bj\u00ed do Domova pro seniory, nen\u00ed d\u016fvod k panice. Na\u0161t\u011bst\u00ed existuje cel\u00e1 \u0159ada slu\u017eeb, kter\u00e9 m\u016f\u017eete vyu\u017e\u00edvat. V\u00e1s nebude fyzicky vy\u010derp\u00e1vat p\u00e9\u010de o seniora a nebudete muset opou\u0161t\u011bt zam\u011bstn\u00e1n\u00ed kv\u016fli toho, \u017ee je t\u0159eba Va\u0161\u00ed intervence jinde. Myslete na to, \u017ee sami nejste mlad\u00ed, a kdy\u017e opust\u00edte nyn\u00ed pr\u00e1ci, budete de facto nezam\u011bstnateln\u00ed.\u00a0Jak\u00e9 slu\u017eby m\u00e1me na mysli?\t\tTer\u00e9nn\u00ed pe\u010dovatelsk\u00e1 slu\u017eba.Jedn\u00e1 se o hrazenou slu\u017ebu. Lid\u00e9 si ji hrad\u00ed obvykle z p\u0159\u00edsp\u011bvku na p\u00e9\u010di. Pokud V\u00e1\u0161 senior nem\u00e1 p\u0159\u00edsp\u011bvek na p\u00e9\u010di, m\u011bli byste mu ho co nejrychleji vy\u0159\u00eddit. M\u016f\u017eete dost\u00e1vat a\u017e 13 200 korun.\t\tDenn\u00ed stacion\u00e1\u0159. Tak\u00e9 se mu \u0159\u00edk\u00e1 domovinka nebo \u0161kolka pro d\u016fchodce. N\u011bkter\u00e9 domovinky dokonce zaji\u0161\u0165uj\u00ed odvoz z domu i odvoz dom\u016f, co\u017e je velk\u00e1 pomoc. Vy m\u016f\u017eete chodit v klidu do zam\u011bstn\u00e1n\u00ed a o seniora se postar\u00e1te a\u017e v odpoledn\u00edch hodin\u00e1ch.\t\tT\u00fddenn\u00ed stacion\u00e1\u0159.Samoz\u0159ejm\u011b ne ka\u017ed\u00fd m\u00e1 jen rann\u00ed sm\u011bny a n\u011bkdy je b\u011b\u017en\u00fd denn\u00ed stacion\u00e1\u0159 nedostate\u010dn\u00fd. K tomuto \u00fa\u010delu dokonale slou\u017e\u00ed t\u00fddenn\u00ed stacion\u00e1\u0159.                                                                                                                                                                                                                                                                                                                                                                                        4.1\/5 - (8 votes)        "},{"@context":"https:\/\/schema.org\/","@type":"BreadcrumbList","itemListElement":[{"@type":"ListItem","position":1,"name":"Lid\u00e9 v d\u016fchodov\u00e9m v\u011bku","item":"https:\/\/www.laglas.cz\/lide-v-duchodovem-veku\/#breadcrumbitem"}]}]