[{"@context":"https:\/\/schema.org\/","@type":"Article","@id":"https:\/\/www.laglas.cz\/levne-a-chytre-i-tak-se-da-sehnat-detske-obleceni\/#Article","mainEntityOfPage":"https:\/\/www.laglas.cz\/levne-a-chytre-i-tak-se-da-sehnat-detske-obleceni\/","headline":"Levn\u011b a chyt\u0159e \u2013 i tak se d\u00e1 sehnat d\u011btsk\u00e9 oble\u010den\u00ed","name":"Levn\u011b a chyt\u0159e \u2013 i tak se d\u00e1 sehnat d\u011btsk\u00e9 oble\u010den\u00ed","description":"D\u011btem (a\u0165 u\u017e kojenc\u016fm, nebo dosp\u00edvaj\u00edc\u00edm) mus\u00edte po\u0159izovat oble\u010den\u00ed v\u0161eho druhu v mnohem v\u011bt\u0161\u00edm pom\u011bru, ne\u017e v\u00e1m dosp\u011bl\u00fdm. Kdy\u017e jde&hellip;","datePublished":"2025-03-02","dateModified":"2023-05-03","author":{"@type":"Person","@id":"https:\/\/www.laglas.cz\/author\/#Person","name":"","url":"https:\/\/www.laglas.cz\/author\/","identifier":1,"image":{"@type":"ImageObject","@id":"https:\/\/secure.gravatar.com\/avatar\/baa231f7e1963b29d6549eb0e137b049d877d4e97c51386f463c7d4fc98329bd?s=96&d=mm&r=g","url":"https:\/\/secure.gravatar.com\/avatar\/baa231f7e1963b29d6549eb0e137b049d877d4e97c51386f463c7d4fc98329bd?s=96&d=mm&r=g","height":96,"width":96}},"publisher":{"@type":"Organization","name":"laglas.cz","logo":{"@type":"ImageObject","@id":"\/logo.png","url":"\/logo.png","width":600,"height":60}},"image":{"@type":"ImageObject","@id":"https:\/\/www.laglas.cz\/wp-content\/uploads\/img_a307296_w2115_t1518632538.jpg","url":"https:\/\/www.laglas.cz\/wp-content\/uploads\/img_a307296_w2115_t1518632538.jpg","height":0,"width":0},"url":"https:\/\/www.laglas.cz\/levne-a-chytre-i-tak-se-da-sehnat-detske-obleceni\/","wordCount":570,"articleBody":" D\u011btem (a\u0165 u\u017e kojenc\u016fm, nebo dosp\u00edvaj\u00edc\u00edm) mus\u00edte po\u0159izovat oble\u010den\u00ed v\u0161eho druhu v mnohem v\u011bt\u0161\u00edm pom\u011bru, ne\u017e v\u00e1m dosp\u011bl\u00fdm. Kdy\u017e jde d\u00edt\u011b ven s kamar\u00e1dy, \u017e\u00e1dn\u00fd rodi\u010d nem\u016f\u017ee doufat v to, \u017ee se dom\u016f vr\u00e1t\u00ed v \u010dist\u00e9m oble\u010den\u00ed. Proto jako rodi\u010de mus\u00edte po\u0159\u00e1d n\u011bco kupovat  a po\u0159izovat, aby va\u0161e d\u011bti nechodili mezi lidi jako vandalov\u00e9. Rodi\u010de se d\u00edvaj\u00ed na pot\u0159ebu nosit oble\u010den\u00ed p\u0159edev\u0161\u00edm z praktick\u00e9 str\u00e1nky: \u00b7 m\u00e1 zah\u0159\u00e1t \u00b7 b\u00fdt dostate\u010dn\u011b dlouh\u00e9 \u00b7 z kvalitn\u00edho materi\u00e1lu \u00b7 m\u011blo by se snadno vyprat \u00b7 vypadat slu\u0161n\u011b a zachoval\u00e9 D\u011bti ale v\u011bci, kter\u00e9 maj\u00ed na sob\u011b, tolik ne\u0159e\u0161\u00ed a fakt, \u017ee si sv\u00e9 oble\u010den\u00ed upatlaj\u00ed p\u0159i j\u00eddle, nebo vyv\u00e1l\u00ed na h\u0159i\u0161ti p\u0159i dov\u00e1d\u011bn\u00ed s kamar\u00e1dy, jim moc nevad\u00ed. Abyste p\u0159ede\u0161li zbyte\u010dn\u00e9mu utr\u00e1cen\u00ed a nakupov\u00e1n\u00ed drah\u00fdch kus\u016f oble\u010den\u00ed, nev\u00e1hejte nad my\u0161lenkou u\u0161et\u0159it na d\u011btsk\u00e9m oble\u010den\u00edm, co mo\u017eno nejv\u00edce. Bazar D\u011btsk\u00fd bazar nab\u00edz\u00ed spoustu oble\u010den\u00ed, ov\u0161em u\u017e ne tak kvalitn\u00edho stylu. Najdete tam v\u011bci no\u0161en\u00e9 u\u017e n\u011bjak\u00fdmi d\u011btmi a \u010dasto na prvn\u00ed pohled viditeln\u011b opran\u00e9. Ale pozor! Kdokoliv tam n\u011bjak\u00fd kousek oble\u010den\u00ed d\u00e1, tak je je\u0161t\u011b p\u0159esv\u011bd\u010den\u00fd o jeho kvalit\u011b no\u0161en\u00ed. Docela \u010dasto tam nalezete kusy oble\u010den\u00ed, kter\u00e9 d\u011bti nestihli vynosit, nebo je nosili opravdu jen minim\u00e1ln\u011b. Proto se nenechte odradit my\u0161lenkou, \u017ee tam nevkro\u010d\u00edte, proto\u017ee tam stejn\u011b nic po\u0159\u00e1dn\u00e9ho nenajdete. Opak v\u00e1s p\u0159esv\u011bd\u010d\u00ed. Z generace na generaci Dobr\u00fd zp\u016fsob, jak p\u0159ij\u00edt k n\u011bjak\u00e9mu d\u011btsk\u00e9mu oble\u010den\u00ed je d\u00edky va\u0161\u00ed rodin\u011b. Jist\u011b m\u00e1te v rodin\u011b spoustu d\u011bt\u00ed, kter\u00e9 u\u017e vyrostli a maj\u00ed oble\u010den\u00ed, do kter\u00e9ho se u\u017e nevejdou. Pokud v\u00e1s na to rodina neupozorn\u00ed, nesty\u010fte se zeptat. I kdyby to m\u011bli b\u00fdt v\u011bci na zahradu, nebo do lesa, po\u0159\u00e1d lep\u0161\u00ed ne\u017e ni\u010dit si nov\u00e9. Zeptejte se i va\u0161ich zn\u00e1m\u00fdch, kte\u0159\u00ed maj\u00ed d\u011bti. Ur\u010dit\u011b v\u00e1m r\u00e1di pom\u016f\u017eou a zbav\u00ed se u\u017e nepot\u0159ebn\u00fdch krabic pln\u00fdch oble\u010den\u00ed. Pepco, Kik, Lidl Tyto obchodn\u00ed \u0159et\u011bzce jsou zn\u00e1m\u00e9 sv\u00fdm \u0161irok\u00fdm a p\u0159edev\u0161\u00edm levn\u00fdm sortimentem d\u011btsk\u00e9ho oble\u010den\u00ed. Najdete tam kvalitn\u00ed materi\u00e1ly, n\u00edzk\u00e9 ceny a oble\u010den\u00ed v\u0161eho druhu na ka\u017edou p\u0159\u00edle\u017eitost. Nejedn\u00e1 se pouze o kojeneck\u00e9 oble\u010den\u00ed, ale i pro dor\u016fstaj\u00edc\u00ed d\u011bti a d\u011bti v pubert\u011b. Bude pro v\u00e1s velmi v\u00fdhodn\u00e9 a praktick\u00e9, zam\u011b\u0159it nakupov\u00e1n\u00ed oble\u010den\u00ed pro va\u0161e d\u011bti na tyto obchody tedy alespo\u0148 do doby, ne\u017e si no\u0161en\u00ed sv\u00e9ho oble\u010den\u00ed za\u010dnou opravdu v\u00e1\u017eit a jen tak je nezni\u010d\u00ed. Pozd\u011bji se u\u017e m\u016f\u017eete rozhl\u00ed\u017eet v t\u011bch dra\u017e\u0161\u00edch a t\u0159eba i zna\u010dkov\u00fdch obchodech kde budete v\u011bd\u011bt, \u017ee se v\u00e1m nakupov\u00e1n\u00ed vyplat\u00ed a tak brzy z n\u011bho nevyrostou.                                                                                                                                                                                                                                                                                                                                                                                        3.8\/5 - (10 votes)        "},{"@context":"https:\/\/schema.org\/","@type":"BreadcrumbList","itemListElement":[{"@type":"ListItem","position":1,"name":"Levn\u011b a chyt\u0159e \u2013 i tak se d\u00e1 sehnat d\u011btsk\u00e9 oble\u010den\u00ed","item":"https:\/\/www.laglas.cz\/levne-a-chytre-i-tak-se-da-sehnat-detske-obleceni\/#breadcrumbitem"}]}]